{"id":180,"date":"2019-09-07T20:09:16","date_gmt":"2019-09-07T20:09:16","guid":{"rendered":"https:\/\/hespanholadvocacia.com.br\/blog\/?p=180"},"modified":"2019-09-07T20:09:16","modified_gmt":"2019-09-07T20:09:16","slug":"presuncao-de-exclusividade-nos-contratos","status":"publish","type":"post","link":"https:\/\/hespanholadvocacia.com.br\/blog\/presuncao-de-exclusividade-nos-contratos\/","title":{"rendered":"Presun\u00e7\u00e3o de Exclusividade nos Contratos"},"content":{"rendered":"\n<p>Em 2017, o STJ teve pelo seu entendimento a reconhecida presun\u00e7\u00e3o de exclusividade nos contratos, sendo esta uma grande vantagem a todos os profissionais que atuam na representa\u00e7\u00e3o comercial.<\/p>\n\n\n\n<!--more-->\n\n\n\n<h2 class=\"wp-block-heading\">Presun\u00e7\u00e3o Reconhecida pelo STJ<\/h2>\n\n\n\n<p>Por unanimidade, a <strong>Terceira Turma do Superior Tribunal de Justi\u00e7a (STJ)<\/strong> reconheceu, com base no <a href=\"http:\/\/www.planalto.gov.br\/ccivil_03\/leis\/l4886.htm#art31\" target=\"_blank\" aria-label=\"undefined (opens in a new tab)\" rel=\"noreferrer noopener\"><strong>artigo 31<\/strong><\/a> da Lei 4.886\/65, o direito \u00e0 exclusividade de representante comercial, mesmo n\u00e3o havendo disposi\u00e7\u00e3o expressa nesse sentido no contrato de representa\u00e7\u00e3o comercial.<\/p>\n\n\n\n<p><strong>Esta decis\u00e3o foi um marco nos julgamentos envolvendo a exist\u00eancia ou n\u00e3o de exclusividade<\/strong> quando ela n\u00e3o vem escrita no contrato, ou n\u00e3o haja alguma disposi\u00e7\u00e3o expressa pela f\u00e1brica nesse sentido (por email, p.ex.), pois o<strong> pr\u00f3prio artigo em comento vedava que ela fosse presumida<\/strong>.<\/p>\n\n\n\n<p>Veja-se o que disp\u00f5e o referido dispositivo legal:<\/p>\n\n\n\n<blockquote class=\"wp-block-quote is-layout-flow wp-block-quote-is-layout-flow\"><p><em>\u201cPrevendo o contrato de representa\u00e7\u00e3o a exclusividade de zona ou zonas, ou quando este for omisso, far\u00e1 jus o representante \u00e0 comiss\u00e3o pelos neg\u00f3cios a\u00ed realizados, ainda que diretamente pelo representado ou por interm\u00e9dio de terceiros.&nbsp;<\/em><\/p><p><em>Par\u00e1grafo \u00fanico. A exclusividade de representa\u00e7\u00e3o n\u00e3o se presume na aus\u00eancia de ajustes expressos.\u201d<\/em><\/p><\/blockquote>\n\n\n\n<p>Percebe-se, assim, que <strong>esta decis\u00e3o corrige \u00e0 m\u00e1 reda\u00e7\u00e3o deste artigo<\/strong> ao interpretar corretamente a inten\u00e7\u00e3o do legislador que visou<strong> proteger os representantes comerciais ao<\/strong> <strong>prever a exclusividade nos contratos, mesmo quando estes forem omissos. <\/strong><\/p>\n\n\n\n<p>O problema que vem se perpetuando h\u00e1 anos originou-se da dic\u00e7\u00e3o do <em>Par\u00e1grafo \u00danico<\/em>, pois o seu texto contradisse o <em>caput <\/em>do pr\u00f3prio artigo.<\/p>\n\n\n\n<p>Este dispositivo ao mesmo tempo que determina que haver\u00e1 exclusividade quando o contrato for omisso, instituiu que ela n\u00e3o poder\u00e1 ser presumida na aus\u00eancia de <em>ajustes expressos.<\/em><\/p>\n\n\n\n<h3 class=\"wp-block-heading\">O que isso significa na pr\u00e1tica?<\/h3>\n\n\n\n<p>Agora, com esta recente e emblem\u00e1tica decis\u00e3o, naquelas rela\u00e7\u00f5es que o representante sempre atuou sozinho em uma pra\u00e7a, ou em rela\u00e7\u00e3o a determinado grupo de clientes (ou segmento), poder\u00e1 <strong><em>ter presumida <\/em><\/strong>a sua exclusividade. <strong>garantindo-lhe o direito a cobrar as comiss\u00f5es sobre todas as vendas feitas diretamente pela f\u00e1brica ou por terceiros por ela indicados <\/strong>(outros representantes).<\/p>\n\n\n\n<p>Segundo a relatora neste Ac\u00f3rd\u00e3o:<\/p>\n\n\n\n<blockquote class=\"wp-block-quote is-layout-flow wp-block-quote-is-layout-flow\"><p><em>Haver\u00e1 exclusividade nas hip\u00f3teses em que, <\/em><strong><em>mesmo havendo instrumento escrito, o contrato for omisso quanto \u00e0 atribui\u00e7\u00e3o de zona de atua\u00e7\u00e3o exclusiva.\u201d<\/em><\/strong><\/p><cite>Ministra Nancy Andrigh<\/cite><\/blockquote>\n\n\n\n<p>Esta decis\u00e3o inclui tamb\u00e9m, por \u00f3bvio, <strong>todos os contratos verbais em que o representante sempre atuou sozinho<\/strong> em uma regi\u00e3o ou para determinado grupo de clientes.<\/p>\n\n\n\n<figure class=\"wp-block-image size-large\"><a href=\"https:\/\/api.whatsapp.com\/send?phone=555197995950&amp;text=Obrigado%20por%20procurar%20o%20escrit%C3%B3rio%20Hespanhol%20Advocacia.%20Qual%20a%20sua%20d%C3%BAvida?\" target=\"_blank\" rel=\"noopener\"><img decoding=\"async\" src=\"https:\/\/hespanholadvocacia.com.br\/blog\/wp-content\/uploads\/2021\/09\/Prancheta-1-1-copy-15.png\" alt=\"\" class=\"wp-image-816\"\/><\/a><figcaption><a href=\"https:\/\/api.whatsapp.com\/send?phone=555197995950&amp;text=Obrigado%20por%20procurar%20o%20escrit%C3%B3rio%20Hespanhol%20Advocacia.%20Qual%20a%20sua%20d%C3%BAvida?\" target=\"_blank\" aria-label=\"undefined (opens in a new tab)\" rel=\"noreferrer noopener\">Clique na imagem ou aqui para acessar<\/a><\/figcaption><\/figure>\n\n\n\n<h4 class=\"wp-block-heading\">Menos Concorr\u00eancia Desleal para o Representante <\/h4>\n\n\n\n<p>Esta decis\u00e3o finalmente faz justi\u00e7a acerca deste tema, pois <strong>evitar\u00e1<\/strong> que muitos <strong>representantes comerciais<\/strong>, ap\u00f3s anos de <strong>atua\u00e7\u00e3o exclusiva<\/strong> em uma \u00fanica zona, sejam <strong>submetidos \u00e0 concorr\u00eancia desleal<\/strong> com a invas\u00e3o dos conhecidos <em>call centers<\/em>, sem nada receberem como compensa\u00e7\u00e3o.<\/p>\n\n\n\n<h3 class=\"wp-block-heading\">Quer Receber Nossos Artigos Exclusivos?<\/h3>\n\n\n\n<p>Preencha este formul\u00e1rio que iremos lhe enviar nossos artigos por e-mail assim que publicados!<\/p>\n\n\n\n\n\n<h4 class=\"wp-block-heading\">Venha conhecer nossas outras mat\u00e9rias exclusivas nos links abaixo:<\/h4>\n\n\n\n<ul class=\"wp-block-list\"><li><a rel=\"noreferrer noopener\" href=\"https:\/\/hespanholadvocacia.com.br\/blog\/perguntas-que-voce-deve-fazer-sobre-a-sua-aposentadoria\/\" target=\"_blank\">Perguntas Que Voc\u00ea Deve Fazer Sobre a Sua Aposentadoria<\/a><\/li><li><a rel=\"noreferrer noopener\" href=\"https:\/\/hespanholadvocacia.com.br\/blog\/notificacao-de-rescisao\/\" target=\"_blank\">Representante: Necess\u00e1ria Notifica\u00e7\u00e3o Formal da Rescis\u00e3o<\/a><\/li><li><a href=\"https:\/\/hespanholadvocacia.com.br\/blog\/representante-orientacoes-rescisao-contratual\/\" target=\"_blank\" aria-label=\"undefined (opens in a new tab)\" rel=\"noreferrer noopener\">Representante: Orienta\u00e7\u00f5es Sobre a Rescis\u00e3o Contratual<\/a><\/li><li><a rel=\"noreferrer noopener\" href=\"https:\/\/hespanholadvocacia.com.br\/blog\/dicas-e-direitos-dos-representantes-comerciais\/\" target=\"_blank\">Dicas e Direitos dos Representantes Comerciais<\/a><\/li><li><a href=\"https:\/\/hespanholadvocacia.com.br\/blog\/representante-justo-motivo-rescisao-contratual\/\" target=\"_blank\" aria-label=\"undefined (opens in a new tab)\" rel=\"noreferrer noopener\">Representante: o Justo Motivo para Rescis\u00e3o Contratual<\/a><\/li><li><a href=\"https:\/\/hespanholadvocacia.com.br\/blog\/documentos-guardados-pelo-representante\/\" target=\"_blank\" rel=\"noreferrer noopener\">Documentos Que Devem Ser Guardados Pelo Representante<\/a><\/li><li><a href=\"https:\/\/hespanholadvocacia.com.br\/blog\/recuperacao-indenizacao-de-1-12\/\" target=\"_blank\" rel=\"noreferrer noopener\">Recupera\u00e7\u00e3o do IRPJ\/CSLL Pagos na Indeniza\u00e7\u00e3o de 1\/12<\/a><\/li><\/ul>\n","protected":false},"excerpt":{"rendered":"<p>Em 2017, o STJ teve pelo seu entendimento a reconhecida presun\u00e7\u00e3o de exclusividade nos contratos, sendo esta uma grande vantagem a todos os profissionais que atuam na representa\u00e7\u00e3o comercial.<\/p>\n","protected":false},"author":4,"featured_media":810,"comment_status":"open","ping_status":"closed","sticky":false,"template":"","format":"standard","meta":{"footnotes":""},"categories":[193],"tags":[],"class_list":{"0":"post-180","1":"post","2":"type-post","3":"status-publish","4":"format-standard","5":"has-post-thumbnail","7":"category-artigos"},"_links":{"self":[{"href":"https:\/\/hespanholadvocacia.com.br\/blog\/wp-json\/wp\/v2\/posts\/180","targetHints":{"allow":["GET"]}}],"collection":[{"href":"https:\/\/hespanholadvocacia.com.br\/blog\/wp-json\/wp\/v2\/posts"}],"about":[{"href":"https:\/\/hespanholadvocacia.com.br\/blog\/wp-json\/wp\/v2\/types\/post"}],"author":[{"embeddable":true,"href":"https:\/\/hespanholadvocacia.com.br\/blog\/wp-json\/wp\/v2\/users\/4"}],"replies":[{"embeddable":true,"href":"https:\/\/hespanholadvocacia.com.br\/blog\/wp-json\/wp\/v2\/comments?post=180"}],"version-history":[{"count":0,"href":"https:\/\/hespanholadvocacia.com.br\/blog\/wp-json\/wp\/v2\/posts\/180\/revisions"}],"wp:featuredmedia":[{"embeddable":true,"href":"https:\/\/hespanholadvocacia.com.br\/blog\/wp-json\/wp\/v2\/media\/810"}],"wp:attachment":[{"href":"https:\/\/hespanholadvocacia.com.br\/blog\/wp-json\/wp\/v2\/media?parent=180"}],"wp:term":[{"taxonomy":"category","embeddable":true,"href":"https:\/\/hespanholadvocacia.com.br\/blog\/wp-json\/wp\/v2\/categories?post=180"},{"taxonomy":"post_tag","embeddable":true,"href":"https:\/\/hespanholadvocacia.com.br\/blog\/wp-json\/wp\/v2\/tags?post=180"}],"curies":[{"name":"wp","href":"https:\/\/api.w.org\/{rel}","templated":true}]}}