{"id":218,"date":"2019-09-07T20:54:05","date_gmt":"2019-09-07T20:54:05","guid":{"rendered":"https:\/\/hespanholadvocacia.com.br\/blog\/?p=218"},"modified":"2024-09-30T19:57:43","modified_gmt":"2024-09-30T22:57:43","slug":"o-falecimento-do-representante-comercial","status":"publish","type":"post","link":"https:\/\/hespanholadvocacia.com.br\/blog\/o-falecimento-do-representante-comercial\/","title":{"rendered":"O Falecimento Do Representante Comercial"},"content":{"rendered":"\n<p>Esse tema, apesar de se tratar de um assunto m\u00f3rbido, \u00e9 uma realidade que acontece. Por mais triste que seja, \u00e9 melhor enfrentar uma trag\u00e9dia preparado, do que sem saber como agir ou o que fazer.<\/p>\n\n\n\n<!--more-->\n\n\n\n<p>A morte do representante comercial, figura principal que\nefetivamente tem contato direto com a representada e com os clientes, pode causar\npreju\u00edzos irrepar\u00e1veis \u00e0 sua fam\u00edlia, deixando-a, em alguns casos, desamparada\ne sem direito a nenhuma indeniza\u00e7\u00e3o decorrente das rela\u00e7\u00f5es mantidas com as representadas.<\/p>\n\n\n\n<p>Contudo, h\u00e1 que se esclarecer de que forma isto poderia ocorrer e se o falecimento possibilitaria\/motivaria a extin\u00e7\u00e3o do contrato de representa\u00e7\u00e3o, seja na forma escrita ou verbal.<\/p>\n\n\n\n<h2 class=\"wp-block-heading\">O Representante Morreu.     O Que Eu Fa\u00e7o Agora?<\/h2>\n\n\n\n<p>Considerando-se que o contrato de representa\u00e7\u00e3o comercial tenha sido firmado entre pessoas jur\u00eddicas, a morte de um dos s\u00f3cios, na maioria das vezes, n\u00e3o teria reflexo na rela\u00e7\u00e3o havida entre as partes, vez ser de praxe haver previs\u00e3o no Contrato Social a possibilidade de substitui\u00e7\u00e3o do s\u00f3cio falecido pelos herdeiros ou por outra pessoa.<\/p>\n\n\n\n<p>Se este for o caso, iria se manter regularizada juridicamente a empresa; e por decorr\u00eancia, haveria preserva\u00e7\u00e3o do contrato de representa\u00e7\u00e3o comercial em todos os seus termos.<\/p>\n\n\n\n<p>Assim, apesar de ocorrer \u00e0 morte do s\u00f3cio que realmente trabalhava\n(o vendedor propriamente dito) a rela\u00e7\u00e3o n\u00e3o se rompeu, podendo ter\ncontinuidade a presta\u00e7\u00e3o de servi\u00e7os de representa\u00e7\u00e3o comercial conforme\nobriga\u00e7\u00f5es decorrentes da profiss\u00e3o e do pr\u00f3prio contrato pactuado.<\/p>\n\n\n\n<figure class=\"wp-block-image size-large\"><a href=\"https:\/\/api.whatsapp.com\/send?phone=555197995950&amp;text=Obrigado%20por%20procurar%20o%20escrit%C3%B3rio%20Hespanhol%20Advocacia.%20Qual%20a%20sua%20d%C3%BAvida?\" target=\"_blank\" rel=\"noopener\"><img decoding=\"async\" src=\"https:\/\/hespanholadvocacia.com.br\/blog\/wp-content\/uploads\/2021\/09\/Prancheta-1-1-copy-15.png\" alt=\"\" class=\"wp-image-816\"\/><\/a><figcaption>Clique na imagem ou aqui para acessar<\/figcaption><\/figure>\n\n\n\n<h3 class=\"wp-block-heading\">Quando o Contrato \u00c9 Encerrado<\/h3>\n\n\n\n<p>Todavia, h\u00e1 casos em que o contrato de representa\u00e7\u00e3o comercial\nautomaticamente se extinguir\u00e1, rompendo-se a rela\u00e7\u00e3o com a representada. S\u00e3o\neles:<\/p>\n\n\n\n<ul class=\"wp-block-list\"><li>Quando houver&nbsp;cl\u00e1usula de extin\u00e7\u00e3o da sociedade no <strong><em>Contrato Social<\/em><\/strong> da empresa Representante,&nbsp;no caso de falecimento de um dos s\u00f3cios; <\/li><li>Se o Representante for pessoa f\u00edsica (natural); <\/li><li>Quando&nbsp;o Representante estiver constitu\u00eddo de personalidade jur\u00eddica na forma individual (Empres\u00e1rio Individual ou Eireli),&nbsp;extinguindo-se com a morte do seu \u00fanico componente. <\/li><\/ul>\n\n\n\n<p>Nestes casos, tendo o <strong>contrato se rompido<\/strong> pela morte do representante, abre-se discuss\u00e3o sobre o reflexo deste evento na <strong>responsabilidade do pagamento<\/strong> da <strong>indeniza\u00e7\u00e3o de 1\/12<\/strong> prevista no<a aria-label=\"undefined (opens in a new tab)\" href=\"http:\/\/www.planalto.gov.br\/ccivil_03\/leis\/l4886.htm\" target=\"_blank\" rel=\"noreferrer noopener\"> art. 27, \u201cj\u201d da Lei 4886\/65<\/a>: <\/p>\n\n\n\n<blockquote class=\"wp-block-quote is-layout-flow wp-block-quote-is-layout-flow\"><p>Ele manteria o seu direito a receb\u00ea-la, haja vista n\u00e3o haver a rescis\u00e3o imotivada pela representada?<\/p><\/blockquote>\n\n\n\n<p>Em nosso sentir, sendo o falecimento do representante caso de <em>for\u00e7a maior<\/em>, inclusa no elenco de motivos justos para rescis\u00e3o contratual, consistente na al\u00ednea \u201cf\u2019 do art. 36 (da <a aria-label=\"undefined (opens in a new tab)\" href=\"http:\/\/www.planalto.gov.br\/ccivil_03\/leis\/l4886.htm\" target=\"_blank\" rel=\"noreferrer noopener\">Lei 4886\/65<\/a>), tendo igual amparo no C\u00f3digo Civil, em seu art. 719, a <strong>indeniza\u00e7\u00e3o de 1\/12<\/strong> <strong>ser\u00e1 devida aos seus herdeiros<\/strong>, possuindo estes legitimidade para cobr\u00e1-la da representada.<\/p>\n\n\n\n<p>Neste contexto, o conhecimento deste tema pelos representantes comerciais \u00e9 fundamental para que possa precaver-se e tomar as medidas legais necess\u00e1rias a resguardar os seus direitos e de seus familiares.<br><\/p>\n\n\n\n<h3 class=\"wp-block-heading\">Quer Receber Nossos Artigos Exclusivos?<\/h3>\n\n\n\n<p>Preencha este formul\u00e1rio que iremos lhe enviar nossos artigos por e-mail assim que publicados!<\/p>\n\n\n\n\n\n<h3 class=\"wp-block-heading\">Venha conhecer nossas outras mat\u00e9rias exclusivas nos links abaixo:<\/h3>\n\n\n<ul>\n<li><a href=\"https:\/\/hespanholadvocacia.com.br\/blog\/perguntas-que-voce-deve-fazer-sobre-a-sua-aposentadoria\/\">Perguntas Que Voc\u00ea Deve Fazer Sobre a Sua Aposentadoria<\/a><\/li>\n<li><a href=\"https:\/\/hespanholadvocacia.com.br\/blog\/notificacao-de-rescisao\/\">Representante: Necess\u00e1ria Notifica\u00e7\u00e3o Formal da Rescis\u00e3o<\/a><\/li>\n<li><a href=\"https:\/\/hespanholadvocacia.com.br\/blog\/representante-orientacoes-rescisao-contratual\/\">Representante: Orienta\u00e7\u00f5es Sobre a Rescis\u00e3o Contratual<\/a><\/li>\n<li><a href=\"https:\/\/hespanholadvocacia.com.br\/blog\/dicas-e-direitos-dos-representantes-comerciais\/\">Dicas e Direitos dos Representantes Comerciais<\/a><\/li>\n<li><a href=\"https:\/\/hespanholadvocacia.com.br\/blog\/representante-justo-motivo-rescisao-contratual\/\">Representante: o Justo Motivo para Rescis\u00e3o Contratual<\/a><\/li>\n<li><a href=\"https:\/\/hespanholadvocacia.com.br\/blog\/documentos-guardados-pelo-representante\/\">Documentos Que Devem Ser Guardados Pelo Representante<\/a><\/li>\n<li><a href=\"https:\/\/hespanholadvocacia.com.br\/blog\/recuperacao-indenizacao-de-1-12\/\">Recupera\u00e7\u00e3o do IRPJ\/CSLL Pagos na Indeniza\u00e7\u00e3o de 1\/12<\/a><\/li>\n<li><a href=\"https:\/\/hespanholadvocacia.com.br\/blog\/indenizacao-paga-junto-as-comissoes\/\">Saiba Porque a Indeniza\u00e7\u00e3o Paga Junto \u00e0s Comiss\u00f5es \u00c9 Ruim Para Voc\u00ea<\/a><\/li>\n<li><a href=\"https:\/\/hespanholadvocacia.com.br\/blog\/presuncao-de-exclusividade-nos-contratos\/\">Presun\u00e7\u00e3o de Exclusividade nos Contratos<\/a><\/li>\n<li><a href=\"https:\/\/hespanholadvocacia.com.br\/blog\/distrato-imposto\/\">Os Distratos Abusivos Impostos Pelas Representadas<\/a><\/li>\n<li><a href=\"https:\/\/hespanholadvocacia.com.br\/blog\/recuperacao-judicial-da-fabrica-i\/\">A Recupera\u00e7\u00e3o Judicial da F\u00e1brica (I)<\/a><\/li>\n<li><a href=\"https:\/\/hespanholadvocacia.com.br\/blog\/recuperacao-judicial-da-fabrica-ii\/\">A Recupera\u00e7\u00e3o Judicial da F\u00e1brica (II)<\/a><\/li>\n<\/ul>","protected":false},"excerpt":{"rendered":"<p>Esse tema, apesar de se tratar de um assunto m\u00f3rbido, \u00e9 uma realidade que acontece. Por mais triste que seja, \u00e9 melhor enfrentar uma trag\u00e9dia preparado, do que sem saber como agir ou o que fazer.<\/p>\n","protected":false},"author":4,"featured_media":4317,"comment_status":"open","ping_status":"closed","sticky":false,"template":"","format":"standard","meta":{"footnotes":""},"categories":[193],"tags":[],"class_list":{"0":"post-218","1":"post","2":"type-post","3":"status-publish","4":"format-standard","5":"has-post-thumbnail","7":"category-artigos"},"_links":{"self":[{"href":"https:\/\/hespanholadvocacia.com.br\/blog\/wp-json\/wp\/v2\/posts\/218","targetHints":{"allow":["GET"]}}],"collection":[{"href":"https:\/\/hespanholadvocacia.com.br\/blog\/wp-json\/wp\/v2\/posts"}],"about":[{"href":"https:\/\/hespanholadvocacia.com.br\/blog\/wp-json\/wp\/v2\/types\/post"}],"author":[{"embeddable":true,"href":"https:\/\/hespanholadvocacia.com.br\/blog\/wp-json\/wp\/v2\/users\/4"}],"replies":[{"embeddable":true,"href":"https:\/\/hespanholadvocacia.com.br\/blog\/wp-json\/wp\/v2\/comments?post=218"}],"version-history":[{"count":0,"href":"https:\/\/hespanholadvocacia.com.br\/blog\/wp-json\/wp\/v2\/posts\/218\/revisions"}],"wp:featuredmedia":[{"embeddable":true,"href":"https:\/\/hespanholadvocacia.com.br\/blog\/wp-json\/wp\/v2\/media\/4317"}],"wp:attachment":[{"href":"https:\/\/hespanholadvocacia.com.br\/blog\/wp-json\/wp\/v2\/media?parent=218"}],"wp:term":[{"taxonomy":"category","embeddable":true,"href":"https:\/\/hespanholadvocacia.com.br\/blog\/wp-json\/wp\/v2\/categories?post=218"},{"taxonomy":"post_tag","embeddable":true,"href":"https:\/\/hespanholadvocacia.com.br\/blog\/wp-json\/wp\/v2\/tags?post=218"}],"curies":[{"name":"wp","href":"https:\/\/api.w.org\/{rel}","templated":true}]}}