{"id":233,"date":"2019-09-07T23:04:19","date_gmt":"2019-09-07T23:04:19","guid":{"rendered":"https:\/\/hespanholadvocacia.com.br\/blog\/?p=233"},"modified":"2024-09-30T20:10:43","modified_gmt":"2024-09-30T23:10:43","slug":"recuperacao-judicial-da-fabrica-i","status":"publish","type":"post","link":"https:\/\/hespanholadvocacia.com.br\/blog\/recuperacao-judicial-da-fabrica-i\/","title":{"rendered":"O Representante e a Recupera\u00e7\u00e3o Judicial da F\u00e1brica (I)"},"content":{"rendered":"\n<p>Este tema de hoje merece uma aten\u00e7\u00e3o especial de todos os representantes comerciais, pois suas representadas (que na maioria s\u00e3o f\u00e1bricas) est\u00e3o sujeitas a situa\u00e7\u00f5es de desequil\u00edbrio econ\u00f4mico-financeiro; principalmente devido a pandemia, que est\u00e1 falindo diversos empresas.<\/p>\n\n\n\n<!--more-->\n\n\n\n<p>Esse cen\u00e1rio as obrigam a tomar medidas extremas para evitar a fal\u00eancia, estando entre elas a <strong>Recupera\u00e7\u00e3o Judicial,<\/strong> medida que veio substituir em parte \u00e0 antiga Concordata.<\/p>\n\n\n\n<h2 class=\"wp-block-heading\">Entenda a Problem\u00e1tica<\/h2>\n\n\n\n<p>No entanto, aquilo que seria uma solu\u00e7\u00e3o para essas empresas, poder\u00e1 representar um abismo para os seus colaboradores (entre eles, <strong>os seus representantes comerciais<\/strong>), pois ter\u00e3o as suas vidas pessoais abaladas.<\/p>\n\n\n\n<p>Isso ocorre pois na sua maioria vivem exclusivamente das comiss\u00f5es sobre suas vendas, retirando suas subsist\u00eancias e as de suas fam\u00edlias, ressaltando-se que nem sempre possuem mais de uma representada em sua carteira.<\/p>\n\n\n\n<h2 class=\"wp-block-heading\">Bom Para as Empresas, Nem Tanto Para os Representantes<\/h2>\n\n\n\n<p>Uma das medidas que pode ser determinada pelo Juiz, logo ap\u00f3s de deferido o pedido de Recupera\u00e7\u00e3o Judicial, \u00e9 a <strong>suspens\u00e3o por seis meses de todas as a\u00e7\u00f5es de execu\u00e7\u00f5es <\/strong>das d\u00edvidas da f\u00e1brica, inclusive contra os s\u00f3cios solid\u00e1rios, conforme est\u00e1 determinado pelo<a href=\"http:\/\/www.planalto.gov.br\/ccivil_03\/_ato2004-2006\/2005\/lei\/l11101.htm\" target=\"_blank\" aria-label=\"undefined (opens in a new tab)\" rel=\"noreferrer noopener\"> art. 6\u00ba da Lei 11.101\/2005.<\/a><\/p>\n\n\n\n<p><strong>Ocorre tamb\u00e9m \u00e0 suspens\u00e3o dos pagamentos<\/strong>, incluindo-se a\u00ed as comiss\u00f5es atrasadas ou at\u00e9 mesmo a indeniza\u00e7\u00e3o por dispensa do representante, negociada anteriormente com a f\u00e1brica, que se n\u00e3o for paga na data da rescis\u00e3o, ficar\u00e1 aguardando o Plano de Pagamentos a ser aprovado pela Assembl\u00e9ia de Credores.<\/p>\n\n\n\n<h2 class=\"wp-block-heading\">Os Pagamentos Acabam Por Ser Postergados<\/h2>\n\n\n\n<p>Com esta medida, <strong>todas as d\u00edvidas l\u00edquidas existentes at\u00e9 a data do processamento do pedido de Recupera\u00e7\u00e3o<\/strong>, entrar\u00e3o para o Plano de Pagamentos, com cada cr\u00e9dito inclu\u00eddo na sua classe pr\u00f3pria, <strong>seguindo uma ordem legal de prefer\u00eancia para a sua liquida\u00e7\u00e3o<\/strong>.<\/p>\n\n\n\n<p>As a\u00e7\u00f5es judiciais anteriormente aforadas, ap\u00f3s a suspens\u00e3o por seis meses, seguir\u00e3o os seus cursos nas Varas de origem. No entanto, quando decididas e liquidadas, os cr\u00e9ditos compor\u00e3o tamb\u00e9m o Plano de Pagamento.<\/p>\n\n\n\n<figure class=\"wp-block-image size-large\"><img decoding=\"async\" src=\"https:\/\/hespanholadvocacia.com.br\/blog\/wp-content\/uploads\/2021\/09\/Prancheta-1-1-copy-15.png\" alt=\"\" class=\"wp-image-816\"\/><figcaption><a href=\"https:\/\/hespanholadvocacia.com.br\/blog\/recuperacao-indenizacao-de-1-12\/\" target=\"_blank\" aria-label=\"undefined (opens in a new tab)\" rel=\"noreferrer noopener\">Clique na imagem ou aqui para acessar<\/a><\/figcaption><\/figure>\n\n\n\n<h3 class=\"wp-block-heading\">Os Problemas Que Resultam das F\u00e1bricas N\u00e3o Pagarem as Comiss\u00f5es Devidamente<\/h3>\n\n\n\n<p>Dentro desse contexto, quais os problemas que se apresentam ao representante comercial quando a f\u00e1brica n\u00e3o vinha pagando suas comiss\u00f5es, al\u00e9m de praticar outros abusos:<\/p>\n\n\n\n<ol class=\"wp-block-list\"><li> Como cobrar dela os seus cr\u00e9dito se ela est\u00e1 em Recupera\u00e7\u00e3o Judicial?<\/li><li>Ser\u00e1 que vou receber a minha indeniza\u00e7\u00e3o, tendo em vista que tudo fica subordinado \u00e0 ordem de prefer\u00eancia de pagamento dos cr\u00e9ditos?<\/li><li>Em que ordem est\u00e1 o cr\u00e9dito decorrente da indeniza\u00e7\u00e3o pela rescis\u00e3o do contrato de representa\u00e7\u00e3o comercial?<\/li><li>Vale \u00e0 pena ajuizar a\u00e7\u00e3o de cobran\u00e7a? <\/li><\/ol>\n\n\n\n<p>A resposta para estas perguntas <strong>ficar\u00e3o condicionadas \u00e0 data da exist\u00eancia de cada cr\u00e9dit;<\/strong> anterior ou posterior ao processamento do Pedido de Recupera\u00e7\u00e3o Judicial, conforme a regra insculpida no artigo 49 da Lei 11.101\/05, com a seguinte reda\u00e7\u00e3o:<\/p>\n\n\n\n<blockquote class=\"wp-block-quote is-layout-flow wp-block-quote-is-layout-flow\"><p>\u201c<em>Est\u00e3o sujeitos \u00e0 recupera\u00e7\u00e3o judicial todos os cr\u00e9ditos existentes na data do pedido, ainda que n\u00e3o vencidos.\u201d<\/em><\/p><cite>Lei 11.101\/05; Artigo 49<\/cite><\/blockquote>\n\n\n\n<p>&nbsp;<strong>\u00c9 com<\/strong> <strong>base nesse dispositivo e marco divis\u00f3rio legal<\/strong> que ser\u00e1 determinado o <strong>destino de cada cr\u00e9dito<\/strong>, e que ensejar\u00e3o a\u00e7\u00f5es diferenciadas por parte dos credores. <\/p>\n\n\n\n<h2 class=\"wp-block-heading\">Acesse a segunda parte desta mat\u00e9ria<\/h2>\n\n\n\n<p><strong>Dividimos essa mat\u00e9ria em duas partes.<\/strong> Para acessar sua segunda parte, clique neste link abaixo:<br><a href=\"https:\/\/hespanholadvocacia.com.br\/blog\/recuperacao-judicial-da-fabrica-ii\/\">Recupera\u00e7\u00e3o Judicial da F\u00e1brica (parte 2)<\/a><\/p>\n\n\n\n<h3 class=\"wp-block-heading\">Quer Receber Nossos Artigos Exclusivos?<\/h3>\n\n\n\n<p>Preencha este formul\u00e1rio abaixo que iremos lhe enviar nossos artigos por e-mail assim que publicados!<\/p>\n\n\n\n\n\n<h4 class=\"wp-block-heading\">Venha conhecer nossas outras mat\u00e9rias exclusivas nos links abaixo:<\/h4>\n\n\n\n<ul class=\"wp-block-list\"><li><a rel=\"noreferrer noopener\" href=\"https:\/\/hespanholadvocacia.com.br\/blog\/perguntas-que-voce-deve-fazer-sobre-a-sua-aposentadoria\/\" target=\"_blank\"><\/a><a href=\"https:\/\/hespanholadvocacia.com.br\/blog\/perguntas-que-voce-deve-fazer-sobre-a-sua-aposentadoria\/\">Perguntas Que Voc\u00ea Deve Fazer Sobre a Sua Aposentadoria<\/a><\/li><li><a rel=\"noreferrer noopener\" href=\"https:\/\/hespanholadvocacia.com.br\/blog\/perguntas-que-voce-deve-fazer-sobre-a-sua-aposentadoria\/\" target=\"_blank\"><\/a><a href=\"https:\/\/hespanholadvocacia.com.br\/blog\/notificacao-de-rescisao\/\">Representante: Necess\u00e1ria Notifica\u00e7\u00e3o Formal da Rescis\u00e3o<\/a><\/li><li><a href=\"https:\/\/hespanholadvocacia.com.br\/blog\/perguntas-que-voce-deve-fazer-sobre-a-sua-aposentadoria\/\" target=\"_blank\" rel=\"noreferrer noopener\"><\/a><a href=\"https:\/\/hespanholadvocacia.com.br\/blog\/representante-orientacoes-rescisao-contratual\/\">Representante: Orienta\u00e7\u00f5es Sobre a Rescis\u00e3o Contratual<\/a><\/li><li><a rel=\"noreferrer noopener\" href=\"https:\/\/hespanholadvocacia.com.br\/blog\/perguntas-que-voce-deve-fazer-sobre-a-sua-aposentadoria\/\" target=\"_blank\"><\/a><a href=\"https:\/\/hespanholadvocacia.com.br\/blog\/dicas-e-direitos-dos-representantes-comerciais\/\">Dicas e Direitos dos Representantes Comerciais<\/a><\/li><li><a href=\"https:\/\/hespanholadvocacia.com.br\/blog\/perguntas-que-voce-deve-fazer-sobre-a-sua-aposentadoria\/\" target=\"_blank\" rel=\"noreferrer noopener\"><\/a><a href=\"https:\/\/hespanholadvocacia.com.br\/blog\/representante-justo-motivo-rescisao-contratual\/\">Representante: o Justo Motivo para Rescis\u00e3o Contratual<\/a><\/li><li><a href=\"https:\/\/hespanholadvocacia.com.br\/blog\/perguntas-que-voce-deve-fazer-sobre-a-sua-aposentadoria\/\" target=\"_blank\" rel=\"noreferrer noopener\"><\/a><a href=\"https:\/\/hespanholadvocacia.com.br\/blog\/documentos-guardados-pelo-representante\/\">Documentos Que Devem Ser Guardados Pelo Representante<\/a><\/li><li><a href=\"https:\/\/hespanholadvocacia.com.br\/blog\/perguntas-que-voce-deve-fazer-sobre-a-sua-aposentadoria\/\" target=\"_blank\" rel=\"noreferrer noopener\"><\/a><a href=\"https:\/\/hespanholadvocacia.com.br\/blog\/recuperacao-indenizacao-de-1-12\/\">Recupera\u00e7\u00e3o do IRPJ\/CSLL Pagos na Indeniza\u00e7\u00e3o de 1\/12<\/a><\/li><li><a href=\"https:\/\/hespanholadvocacia.com.br\/blog\/perguntas-que-voce-deve-fazer-sobre-a-sua-aposentadoria\/\" target=\"_blank\" rel=\"noreferrer noopener\"><\/a><a href=\"https:\/\/hespanholadvocacia.com.br\/blog\/indenizacao-paga-junto-as-comissoes\/\">Saiba Porque a Indeniza\u00e7\u00e3o Paga Junto \u00e0s Comiss\u00f5es \u00c9 Ruim Para Voc\u00ea<\/a><\/li><li><a href=\"https:\/\/hespanholadvocacia.com.br\/blog\/perguntas-que-voce-deve-fazer-sobre-a-sua-aposentadoria\/\" target=\"_blank\" rel=\"noreferrer noopener\"><\/a><a href=\"https:\/\/hespanholadvocacia.com.br\/blog\/presuncao-de-exclusividade-nos-contratos\/\">Representante: Presun\u00e7\u00e3o de Exclusividade nos Contratos<\/a><\/li><li><a rel=\"noreferrer noopener\" href=\"https:\/\/hespanholadvocacia.com.br\/blog\/perguntas-que-voce-deve-fazer-sobre-a-sua-aposentadoria\/\" target=\"_blank\"><\/a><a href=\"https:\/\/hespanholadvocacia.com.br\/blog\/distrato-imposto\/\">Representante: os Distratos Abusivos Impostos Pelas Representadas<\/a><\/li><li><a rel=\"noreferrer noopener\" href=\"https:\/\/hespanholadvocacia.com.br\/blog\/perguntas-que-voce-deve-fazer-sobre-a-sua-aposentadoria\/\" target=\"_blank\"><\/a><a href=\"https:\/\/hespanholadvocacia.com.br\/blog\/o-falecimento-do-representante-comercial\/\">O Falecimento Do Representante Comercial<\/a><\/li><li><a rel=\"noreferrer noopener\" href=\"https:\/\/hespanholadvocacia.com.br\/blog\/perguntas-que-voce-deve-fazer-sobre-a-sua-aposentadoria\/\" target=\"_blank\"><\/a><a href=\"https:\/\/hespanholadvocacia.com.br\/blog\/recuperacao-judicial-da-fabrica-ii\/\">O Representante e a Recupera\u00e7\u00e3o Judicial da F\u00e1brica (II)<\/a><\/li><\/ul>\n","protected":false},"excerpt":{"rendered":"<p>Este tema de hoje merece uma aten\u00e7\u00e3o especial de todos os representantes comerciais, pois suas representadas (que na maioria s\u00e3o f\u00e1bricas) est\u00e3o sujeitas a situa\u00e7\u00f5es de desequil\u00edbrio econ\u00f4mico-financeiro; principalmente devido a pandemia, que est\u00e1 falindo diversos empresas.<\/p>\n","protected":false},"author":4,"featured_media":4325,"comment_status":"open","ping_status":"closed","sticky":false,"template":"","format":"standard","meta":{"footnotes":""},"categories":[193],"tags":[],"class_list":{"0":"post-233","1":"post","2":"type-post","3":"status-publish","4":"format-standard","5":"has-post-thumbnail","7":"category-artigos"},"_links":{"self":[{"href":"https:\/\/hespanholadvocacia.com.br\/blog\/wp-json\/wp\/v2\/posts\/233","targetHints":{"allow":["GET"]}}],"collection":[{"href":"https:\/\/hespanholadvocacia.com.br\/blog\/wp-json\/wp\/v2\/posts"}],"about":[{"href":"https:\/\/hespanholadvocacia.com.br\/blog\/wp-json\/wp\/v2\/types\/post"}],"author":[{"embeddable":true,"href":"https:\/\/hespanholadvocacia.com.br\/blog\/wp-json\/wp\/v2\/users\/4"}],"replies":[{"embeddable":true,"href":"https:\/\/hespanholadvocacia.com.br\/blog\/wp-json\/wp\/v2\/comments?post=233"}],"version-history":[{"count":0,"href":"https:\/\/hespanholadvocacia.com.br\/blog\/wp-json\/wp\/v2\/posts\/233\/revisions"}],"wp:featuredmedia":[{"embeddable":true,"href":"https:\/\/hespanholadvocacia.com.br\/blog\/wp-json\/wp\/v2\/media\/4325"}],"wp:attachment":[{"href":"https:\/\/hespanholadvocacia.com.br\/blog\/wp-json\/wp\/v2\/media?parent=233"}],"wp:term":[{"taxonomy":"category","embeddable":true,"href":"https:\/\/hespanholadvocacia.com.br\/blog\/wp-json\/wp\/v2\/categories?post=233"},{"taxonomy":"post_tag","embeddable":true,"href":"https:\/\/hespanholadvocacia.com.br\/blog\/wp-json\/wp\/v2\/tags?post=233"}],"curies":[{"name":"wp","href":"https:\/\/api.w.org\/{rel}","templated":true}]}}