{"id":248,"date":"2020-05-15T22:29:09","date_gmt":"2020-05-15T22:29:09","guid":{"rendered":"https:\/\/hespanholadvocacia.com.br\/blog\/?p=248"},"modified":"2024-09-30T19:55:01","modified_gmt":"2024-09-30T22:55:01","slug":"perguntas-que-voce-deve-fazer-sobre-a-sua-aposentadoria","status":"publish","type":"post","link":"https:\/\/hespanholadvocacia.com.br\/blog\/perguntas-que-voce-deve-fazer-sobre-a-sua-aposentadoria\/","title":{"rendered":"Perguntas que voc\u00ea deve fazer sobre a sua aposentadoria"},"content":{"rendered":"\n<p>Amigos, pensando na situa\u00e7\u00e3o atual que nos encontramos sobre o cen\u00e1rio pol\u00edtico e principalmente, previdenci\u00e1rio brasileiro, trago <strong>algumas perguntas de alt\u00edssima relev\u00e2ncia<\/strong> para voc\u00eas fazerem! <\/p>\n\n\n\n<!--more-->\n\n\n\n<figure class=\"wp-block-image\"><img loading=\"lazy\" loading=\"lazy\" decoding=\"async\" width=\"1000\" height=\"600\" src=\"https:\/\/hespanholadvocacia.com.br\/blog\/wp-content\/uploads\/2020\/05\/Slide-2.jpg\" alt=\"\" class=\"wp-image-254\" srcset=\"https:\/\/hespanholadvocacia.com.br\/blog\/wp-content\/uploads\/2020\/05\/Slide-2.jpg 1000w, https:\/\/hespanholadvocacia.com.br\/blog\/wp-content\/uploads\/2020\/05\/Slide-2-300x180.jpg 300w, https:\/\/hespanholadvocacia.com.br\/blog\/wp-content\/uploads\/2020\/05\/Slide-2-768x461.jpg 768w, https:\/\/hespanholadvocacia.com.br\/blog\/wp-content\/uploads\/2020\/05\/Slide-2-860x516.jpg 860w, https:\/\/hespanholadvocacia.com.br\/blog\/wp-content\/uploads\/2020\/05\/Slide-2-150x90.jpg 150w\" sizes=\"auto, (max-width: 1000px) 100vw, 1000px\" \/><\/figure>\n\n\n\n<figure class=\"wp-block-image\"><img loading=\"lazy\" loading=\"lazy\" decoding=\"async\" width=\"1000\" height=\"600\" src=\"https:\/\/hespanholadvocacia.com.br\/blog\/wp-content\/uploads\/2020\/05\/Slide-3-1.jpg\" alt=\"\" class=\"wp-image-262\" srcset=\"https:\/\/hespanholadvocacia.com.br\/blog\/wp-content\/uploads\/2020\/05\/Slide-3-1.jpg 1000w, https:\/\/hespanholadvocacia.com.br\/blog\/wp-content\/uploads\/2020\/05\/Slide-3-1-300x180.jpg 300w, https:\/\/hespanholadvocacia.com.br\/blog\/wp-content\/uploads\/2020\/05\/Slide-3-1-768x461.jpg 768w, https:\/\/hespanholadvocacia.com.br\/blog\/wp-content\/uploads\/2020\/05\/Slide-3-1-860x516.jpg 860w, https:\/\/hespanholadvocacia.com.br\/blog\/wp-content\/uploads\/2020\/05\/Slide-3-1-150x90.jpg 150w\" sizes=\"auto, (max-width: 1000px) 100vw, 1000px\" \/><\/figure>\n\n\n\n<figure class=\"wp-block-image\"><img loading=\"lazy\" loading=\"lazy\" decoding=\"async\" width=\"1000\" height=\"600\" src=\"https:\/\/hespanholadvocacia.com.br\/blog\/wp-content\/uploads\/2020\/05\/slide-4-1.jpg\" alt=\"\" class=\"wp-image-263\" srcset=\"https:\/\/hespanholadvocacia.com.br\/blog\/wp-content\/uploads\/2020\/05\/slide-4-1.jpg 1000w, https:\/\/hespanholadvocacia.com.br\/blog\/wp-content\/uploads\/2020\/05\/slide-4-1-300x180.jpg 300w, https:\/\/hespanholadvocacia.com.br\/blog\/wp-content\/uploads\/2020\/05\/slide-4-1-768x461.jpg 768w, https:\/\/hespanholadvocacia.com.br\/blog\/wp-content\/uploads\/2020\/05\/slide-4-1-860x516.jpg 860w, https:\/\/hespanholadvocacia.com.br\/blog\/wp-content\/uploads\/2020\/05\/slide-4-1-150x90.jpg 150w\" sizes=\"auto, (max-width: 1000px) 100vw, 1000px\" \/><\/figure>\n\n\n\n<figure class=\"wp-block-image\"><img loading=\"lazy\" loading=\"lazy\" decoding=\"async\" width=\"1000\" height=\"600\" src=\"https:\/\/hespanholadvocacia.com.br\/blog\/wp-content\/uploads\/2020\/05\/slide-5-1.jpg\" alt=\"\" class=\"wp-image-264\" srcset=\"https:\/\/hespanholadvocacia.com.br\/blog\/wp-content\/uploads\/2020\/05\/slide-5-1.jpg 1000w, https:\/\/hespanholadvocacia.com.br\/blog\/wp-content\/uploads\/2020\/05\/slide-5-1-300x180.jpg 300w, https:\/\/hespanholadvocacia.com.br\/blog\/wp-content\/uploads\/2020\/05\/slide-5-1-768x461.jpg 768w, https:\/\/hespanholadvocacia.com.br\/blog\/wp-content\/uploads\/2020\/05\/slide-5-1-860x516.jpg 860w, https:\/\/hespanholadvocacia.com.br\/blog\/wp-content\/uploads\/2020\/05\/slide-5-1-150x90.jpg 150w\" sizes=\"auto, (max-width: 1000px) 100vw, 1000px\" \/><\/figure>\n\n\n\n<figure class=\"wp-block-image\"><img loading=\"lazy\" loading=\"lazy\" decoding=\"async\" width=\"1000\" height=\"600\" src=\"https:\/\/hespanholadvocacia.com.br\/blog\/wp-content\/uploads\/2020\/05\/Slide-6-1.jpg\" alt=\"\" class=\"wp-image-265\" srcset=\"https:\/\/hespanholadvocacia.com.br\/blog\/wp-content\/uploads\/2020\/05\/Slide-6-1.jpg 1000w, https:\/\/hespanholadvocacia.com.br\/blog\/wp-content\/uploads\/2020\/05\/Slide-6-1-300x180.jpg 300w, https:\/\/hespanholadvocacia.com.br\/blog\/wp-content\/uploads\/2020\/05\/Slide-6-1-768x461.jpg 768w, https:\/\/hespanholadvocacia.com.br\/blog\/wp-content\/uploads\/2020\/05\/Slide-6-1-860x516.jpg 860w, https:\/\/hespanholadvocacia.com.br\/blog\/wp-content\/uploads\/2020\/05\/Slide-6-1-150x90.jpg 150w\" sizes=\"auto, (max-width: 1000px) 100vw, 1000px\" \/><\/figure>\n\n\n\n<p><strong>Paulo Cesar Hespanhol<\/strong><\/p>\n\n\n\n<p>OAB\/RS 56.872 &#8211; OAB\/SP 397.593 <\/p>\n\n\n\n<p>Venha conhecer nossas outras mat\u00e9rias exclusivas nos links abaixo:<\/p>\n\n\n\n<ul class=\"wp-block-list\"><li><a href=\"https:\/\/hespanholadvocacia.com.br\/blog\/notificacao-de-rescisao\/\" target=\"_blank\" rel=\"noreferrer noopener\"><a href=\"https:\/\/hespanholadvocacia.com.br\/blog\/notificacao-de-rescisao\/\">Representante: Necess\u00e1ria Notifica\u00e7\u00e3o Formal da Rescis\u00e3o<\/a><\/a><\/li><li><a rel=\"noreferrer noopener\" href=\"https:\/\/hespanholadvocacia.com.br\/blog\/notificacao-de-rescisao\/\" target=\"_blank\"><a href=\"https:\/\/hespanholadvocacia.com.br\/blog\/representante-orientacoes-rescisao-contratual\/\">Representante: Orienta\u00e7\u00f5es Sobre a Rescis\u00e3o Contratual<\/a><\/a><\/li><li><a href=\"https:\/\/hespanholadvocacia.com.br\/blog\/notificacao-de-rescisao\/\" target=\"_blank\" rel=\"noreferrer noopener\"><a href=\"https:\/\/hespanholadvocacia.com.br\/blog\/dicas-e-direitos-dos-representantes-comerciais\/\">Dicas e Direitos dos Representantes Comerciais<\/a><\/a><\/li><li><a href=\"https:\/\/hespanholadvocacia.com.br\/blog\/notificacao-de-rescisao\/\" target=\"_blank\" rel=\"noreferrer noopener\"><a href=\"https:\/\/hespanholadvocacia.com.br\/blog\/representante-justo-motivo-rescisao-contratual\/\">Representante: o Justo Motivo para Rescis\u00e3o Contratual<\/a><\/a><\/li><li><a href=\"https:\/\/hespanholadvocacia.com.br\/blog\/notificacao-de-rescisao\/\" target=\"_blank\" rel=\"noreferrer noopener\"><a href=\"https:\/\/hespanholadvocacia.com.br\/blog\/documentos-guardados-pelo-representante\/\">Documentos Que Devem Ser Guardados Pelo Representante<\/a><\/a><\/li><li><a href=\"https:\/\/hespanholadvocacia.com.br\/blog\/notificacao-de-rescisao\/\" target=\"_blank\" rel=\"noreferrer noopener\"><a href=\"https:\/\/hespanholadvocacia.com.br\/blog\/recuperacao-indenizacao-de-1-12\/\">Recupera\u00e7\u00e3o do IRPJ\/CSLL Pagos na Indeniza\u00e7\u00e3o de 1\/12<\/a><\/a><\/li><li><a rel=\"noreferrer noopener\" href=\"https:\/\/hespanholadvocacia.com.br\/blog\/notificacao-de-rescisao\/\" target=\"_blank\"><a href=\"https:\/\/hespanholadvocacia.com.br\/blog\/indenizacao-paga-junto-as-comissoes\/\">Saiba Porque a Indeniza\u00e7\u00e3o Paga Junto \u00e0s Comiss\u00f5es \u00c9 Ruim Para Voc\u00ea<\/a><\/a><\/li><li><a rel=\"noreferrer noopener\" href=\"https:\/\/hespanholadvocacia.com.br\/blog\/notificacao-de-rescisao\/\" target=\"_blank\"><a href=\"https:\/\/hespanholadvocacia.com.br\/blog\/presuncao-de-exclusividade-nos-contratos\/\">Representante: Presun\u00e7\u00e3o de Exclusividade nos Contratos<\/a><\/a><\/li><li><a rel=\"noreferrer noopener\" href=\"https:\/\/hespanholadvocacia.com.br\/blog\/notificacao-de-rescisao\/\" target=\"_blank\"><a href=\"https:\/\/hespanholadvocacia.com.br\/blog\/distrato-imposto\/\">Representante: os Distratos Abusivos Impostos Pelas Representadas<\/a><\/a><\/li><li><a rel=\"noreferrer noopener\" href=\"https:\/\/hespanholadvocacia.com.br\/blog\/notificacao-de-rescisao\/\" target=\"_blank\"><a href=\"https:\/\/hespanholadvocacia.com.br\/blog\/o-falecimento-do-representante-comercial\/\">O Falecimento Do Representante Comercial<\/a><\/a><\/li><li><a rel=\"noreferrer noopener\" href=\"https:\/\/hespanholadvocacia.com.br\/blog\/notificacao-de-rescisao\/\" target=\"_blank\"><a href=\"https:\/\/hespanholadvocacia.com.br\/blog\/recuperacao-judicial-da-fabrica-i\/\">Representante: A Recupera\u00e7\u00e3o Judicial da F\u00e1brica (I)<\/a><\/a><\/li><li><a rel=\"noreferrer noopener\" href=\"https:\/\/hespanholadvocacia.com.br\/blog\/notificacao-de-rescisao\/\" target=\"_blank\"><a href=\"https:\/\/hespanholadvocacia.com.br\/blog\/recuperacao-judicial-da-fabrica-ii\/\">O Representante e a Recupera\u00e7\u00e3o Judicial da F\u00e1brica (II)<\/a><\/a><\/li><\/ul>\n\n\n\n<figure class=\"wp-block-image size-large\"><img loading=\"lazy\" loading=\"lazy\" decoding=\"async\" width=\"1000\" height=\"240\" src=\"https:\/\/hespanholadvocacia.com.br\/blog\/wp-content\/uploads\/2020\/06\/atuacao-em-todo-brasil.jpg\" alt=\"\" class=\"wp-image-375\" srcset=\"https:\/\/hespanholadvocacia.com.br\/blog\/wp-content\/uploads\/2020\/06\/atuacao-em-todo-brasil.jpg 1000w, https:\/\/hespanholadvocacia.com.br\/blog\/wp-content\/uploads\/2020\/06\/atuacao-em-todo-brasil-300x72.jpg 300w, https:\/\/hespanholadvocacia.com.br\/blog\/wp-content\/uploads\/2020\/06\/atuacao-em-todo-brasil-768x184.jpg 768w, https:\/\/hespanholadvocacia.com.br\/blog\/wp-content\/uploads\/2020\/06\/atuacao-em-todo-brasil-860x206.jpg 860w, https:\/\/hespanholadvocacia.com.br\/blog\/wp-content\/uploads\/2020\/06\/atuacao-em-todo-brasil-150x36.jpg 150w\" sizes=\"auto, (max-width: 1000px) 100vw, 1000px\" \/><\/figure>\n\n\n\n<figure class=\"wp-block-image\"><img loading=\"lazy\" loading=\"lazy\" decoding=\"async\" width=\"1000\" height=\"600\" src=\"https:\/\/hespanholadvocacia.com.br\/blog\/wp-content\/uploads\/2019\/03\/Ficou-alguma-duvida-pergunta-25.03.2019.png\" alt=\"\" class=\"wp-image-178\" srcset=\"https:\/\/hespanholadvocacia.com.br\/blog\/wp-content\/uploads\/2019\/03\/Ficou-alguma-duvida-pergunta-25.03.2019.png 1000w, https:\/\/hespanholadvocacia.com.br\/blog\/wp-content\/uploads\/2019\/03\/Ficou-alguma-duvida-pergunta-25.03.2019-300x180.png 300w, https:\/\/hespanholadvocacia.com.br\/blog\/wp-content\/uploads\/2019\/03\/Ficou-alguma-duvida-pergunta-25.03.2019-768x461.png 768w, https:\/\/hespanholadvocacia.com.br\/blog\/wp-content\/uploads\/2019\/03\/Ficou-alguma-duvida-pergunta-25.03.2019-860x516.png 860w, https:\/\/hespanholadvocacia.com.br\/blog\/wp-content\/uploads\/2019\/03\/Ficou-alguma-duvida-pergunta-25.03.2019-150x90.png 150w\" sizes=\"auto, (max-width: 1000px) 100vw, 1000px\" \/><\/figure>\n","protected":false},"excerpt":{"rendered":"<p>Amigos, pensando na situa\u00e7\u00e3o atual que nos encontramos sobre o cen\u00e1rio pol\u00edtico e principalmente, previdenci\u00e1rio brasileiro, trago algumas perguntas de alt\u00edssima relev\u00e2ncia para voc\u00eas fazerem!<\/p>\n","protected":false},"author":4,"featured_media":4313,"comment_status":"open","ping_status":"closed","sticky":false,"template":"","format":"standard","meta":{"footnotes":""},"categories":[193],"tags":[],"class_list":{"0":"post-248","1":"post","2":"type-post","3":"status-publish","4":"format-standard","5":"has-post-thumbnail","7":"category-artigos"},"_links":{"self":[{"href":"https:\/\/hespanholadvocacia.com.br\/blog\/wp-json\/wp\/v2\/posts\/248","targetHints":{"allow":["GET"]}}],"collection":[{"href":"https:\/\/hespanholadvocacia.com.br\/blog\/wp-json\/wp\/v2\/posts"}],"about":[{"href":"https:\/\/hespanholadvocacia.com.br\/blog\/wp-json\/wp\/v2\/types\/post"}],"author":[{"embeddable":true,"href":"https:\/\/hespanholadvocacia.com.br\/blog\/wp-json\/wp\/v2\/users\/4"}],"replies":[{"embeddable":true,"href":"https:\/\/hespanholadvocacia.com.br\/blog\/wp-json\/wp\/v2\/comments?post=248"}],"version-history":[{"count":0,"href":"https:\/\/hespanholadvocacia.com.br\/blog\/wp-json\/wp\/v2\/posts\/248\/revisions"}],"wp:featuredmedia":[{"embeddable":true,"href":"https:\/\/hespanholadvocacia.com.br\/blog\/wp-json\/wp\/v2\/media\/4313"}],"wp:attachment":[{"href":"https:\/\/hespanholadvocacia.com.br\/blog\/wp-json\/wp\/v2\/media?parent=248"}],"wp:term":[{"taxonomy":"category","embeddable":true,"href":"https:\/\/hespanholadvocacia.com.br\/blog\/wp-json\/wp\/v2\/categories?post=248"},{"taxonomy":"post_tag","embeddable":true,"href":"https:\/\/hespanholadvocacia.com.br\/blog\/wp-json\/wp\/v2\/tags?post=248"}],"curies":[{"name":"wp","href":"https:\/\/api.w.org\/{rel}","templated":true}]}}