{"id":283,"date":"2020-05-20T21:12:29","date_gmt":"2020-05-20T21:12:29","guid":{"rendered":"https:\/\/hespanholadvocacia.com.br\/blog\/?p=283"},"modified":"2024-04-07T18:51:50","modified_gmt":"2024-04-07T21:51:50","slug":"representante-orientacoes-rescisao-contratual","status":"publish","type":"post","link":"https:\/\/hespanholadvocacia.com.br\/blog\/representante-orientacoes-rescisao-contratual\/","title":{"rendered":"Representante: Orienta\u00e7\u00f5es Sobre a Rescis\u00e3o Contratual"},"content":{"rendered":"\n<p>Apesar de ser algo comum na vida do representante comercial, sempre existem <strong>d\u00favidas acerca da rescis\u00e3o do contrato<\/strong>. Por isso, elaboramos um roteiro das etapas envolvendo esta mat\u00e9ria, para evitar desastres, pois quando n\u00e3o \u00e9  bem entendida, <strong>pode trazer preju\u00edzos aos representantes comerciais<\/strong>.<\/p>\n\n\n\n<!--more-->\n\n\n\n<h2 class=\"wp-block-heading\">Entenda como funciona a Rescis\u00e3o<\/h2>\n\n\n\n<p>Antes de mais nada, quando falamos no encerramento da rela\u00e7\u00e3o, podemos dizer que, independentemente da parte que o propuser, a rescis\u00e3o contratual \u00e9 dividida em 2 tipos:<strong> com justo motivo<\/strong> ou <strong>sem justo motivo<\/strong>.<\/p>\n\n\n\n<h3 class=\"wp-block-heading\">Quando a representada rescinde o contrato<\/h3>\n\n\n\n<h4 class=\"wp-block-heading\">Sem justo motivo<\/h4>\n\n\n\n<p>Se for a representada que rescindiu o contrato de representa\u00e7\u00e3o comercial, <strong>seja ele escrito ou verbal<\/strong>, ent\u00e3o ela ter\u00e1 que proceder no pagamento da <strong>indeniza\u00e7\u00e3o prevista pelo Art. 27<\/strong> (\u201cj\u201d, da Lei 4886\/65, a conhecida Lei dos Representantes Comerciais) pela qual o <strong>representante <\/strong>faz jus ao <strong>recebimento de 1\/12 incidente sobre toda a remunera\u00e7\u00e3o <\/strong>(comiss\u00f5es) adquiridas durante a rela\u00e7\u00e3o, que dever\u00e1 ser <strong>atualizada monetariamente<\/strong>.<\/p>\n\n\n\n<h4 class=\"wp-block-heading\">Com justo motivo<\/h4>\n\n\n\n<p>Todavia, se a representada <strong>rescindiu com fundamento em um dos justos motivos<\/strong> elencados pelo <strong>Art. 35<\/strong>, desta mesma Lei, ent\u00e3o ela <strong>estar\u00e1 isenta do pagamento indenizat\u00f3rio<\/strong>.<\/p>\n\n\n\n<figure class=\"wp-block-image size-large\"><a href=\"https:\/\/api.whatsapp.com\/send?phone=555197995950&amp;text=Obrigado%20por%20procurar%20o%20escrit%C3%B3rio%20Hespanhol%20Advocacia.%20Qual%20a%20sua%20d%C3%BAvida?\" target=\"_blank\" rel=\"noopener\"><img decoding=\"async\" src=\"https:\/\/hespanholadvocacia.com.br\/blog\/wp-content\/uploads\/2021\/09\/Prancheta-1-1-copy-15.png\" alt=\"\" class=\"wp-image-816\"\/><\/a><figcaption><a href=\"https:\/\/bit.ly\/Recupera\u00e7\u00e3oIRPJ\" target=\"_blank\" aria-label=\"undefined (opens in a new tab)\" rel=\"noreferrer noopener\">Clique na imagem ou aqui para acessar<\/a><\/figcaption><\/figure>\n\n\n\n<h3 class=\"wp-block-heading\">Quando o representante rescinde o contrato<\/h3>\n\n\n\n<h4 class=\"wp-block-heading\">Sem justo motivo<\/h4>\n\n\n\n<p>Quanto ao<strong> representante comercial<\/strong>, como regra geral, se <strong>ele tiver a iniciativa<\/strong> <strong>pela rescis\u00e3o do contrato<\/strong> de representa\u00e7\u00e3o comercial, <strong>n\u00e3o ter\u00e1 direito \u00e0 indeniza\u00e7\u00e3o legal<\/strong>, devendo receber apenas as <strong>comiss\u00f5es vencidas e vincendas<\/strong>.<\/p>\n\n\n\n<h4 class=\"wp-block-heading\">Com justo motivo<\/h4>\n\n\n\n<p>Contudo, se esta <strong>rescis\u00e3o se der com base em um dos motivos elencados pelo Art. 36<\/strong> (Lei 4886\/65), ent\u00e3o <strong>ele poder\u00e1 exigir da representada sua indeniza\u00e7\u00e3o e comiss\u00f5es<\/strong>, inclusive judicialmente, no caso de desinteresse da f\u00e1brica em efetuar o pagamento de forma amig\u00e1vel. <\/p>\n\n\n\n<p>Vale registrar que <strong>n\u00e3o apenas os motivos do Art. 36<\/strong> servir\u00e3o para a <strong>rescis\u00e3o pelo representante<\/strong>, mas <strong>incluindo-se tamb\u00e9m <\/strong>nesta situa\u00e7\u00e3o, outros que <strong>indiretamente dariam a ele um justo motivo<\/strong>.<br>Conhe\u00e7a-os abaixo:<\/p>\n\n\n\n<ul class=\"wp-block-list\"><li>redu\u00e7\u00e3o da comiss\u00e3o, se n\u00e3o prevista no contrato (ou autorizada pelo representante);<\/li><li>redu\u00e7\u00e3o da esfera de atividade do representante (de pra\u00e7a, produto ou clientes);<\/li><li>a quebra da exclusividade (a jurisprud\u00eancia j\u00e1 admite a presun\u00e7\u00e3o como forma de reconhecer a sua ocorr\u00eancia);<\/li><li>a fixa\u00e7\u00e3o abusiva de pre\u00e7os em rela\u00e7\u00e3o \u00e0 zona do representante, com o exclusivo escopo de impossibilitar-lhe a\u00e7\u00e3o regular;<\/li><li>o n\u00e3o-pagamento de sua retribui\u00e7\u00e3o na \u00e9poca devida;<\/li><li>debitar das comiss\u00f5es as inadimpl\u00eancias dos clientes (ou outros d\u00e9bitos indevidos).<\/li><\/ul>\n\n\n\n<p>\u00c9 importante pontuar que os motivos para rescis\u00e3o contratual n\u00e3o s\u00e3o apenas estes, devendo-se considerar cada caso individualmente, onde poder\u00e1 ocorrer ofensa pela f\u00e1brica \u00e0s regras acordadas, ou at\u00e9 mesmo, na ocorr\u00eancia das hip\u00f3teses acima elencadas, mas de forma dissimulada.<\/p>\n\n\n\n<figure class=\"wp-block-image\"><img loading=\"lazy\" loading=\"lazy\" decoding=\"async\" width=\"1000\" height=\"600\" src=\"https:\/\/hespanholadvocacia.com.br\/blog\/wp-content\/uploads\/2020\/05\/Capa-de-post-1.jpg\" alt=\"\" class=\"wp-image-308\" srcset=\"https:\/\/hespanholadvocacia.com.br\/blog\/wp-content\/uploads\/2020\/05\/Capa-de-post-1.jpg 1000w, https:\/\/hespanholadvocacia.com.br\/blog\/wp-content\/uploads\/2020\/05\/Capa-de-post-1-300x180.jpg 300w, https:\/\/hespanholadvocacia.com.br\/blog\/wp-content\/uploads\/2020\/05\/Capa-de-post-1-768x461.jpg 768w, https:\/\/hespanholadvocacia.com.br\/blog\/wp-content\/uploads\/2020\/05\/Capa-de-post-1-860x516.jpg 860w, https:\/\/hespanholadvocacia.com.br\/blog\/wp-content\/uploads\/2020\/05\/Capa-de-post-1-150x90.jpg 150w\" sizes=\"auto, (max-width: 1000px) 100vw, 1000px\" \/><\/figure>\n\n\n\n<h3 class=\"wp-block-heading\">Prazo do aviso pr\u00e9vio<\/h3>\n\n\n\n<p>Importante destacar a obrigatoriedade de envio da Notifica\u00e7\u00e3o de Rescis\u00e3o escrita pela representada, concedendo o aviso pr\u00e9vio com <strong>anteced\u00eancia m\u00ednima de 30 dias<\/strong>, conforme o <strong>Art. 34<\/strong> (Lei de Reg\u00eancia), sob <strong>pena de pagamento de multa<\/strong> equivalente a <strong>1\/3 da soma das tr\u00eas \u00faltimas comiss\u00f5es<\/strong> recebidas pelo representante.<\/p>\n\n\n\n<p>Ressalte-se tamb\u00e9m que se a f\u00e1brica conceder este prazo, <strong>mas de alguma forma n\u00e3o permitir a atua\u00e7\u00e3o<\/strong> <strong>regular do representante neste per\u00edodo<\/strong>, ela estar\u00e1 sujeita ao <strong>pagamento desta multa<\/strong>.<\/p>\n\n\n\n<h3 class=\"wp-block-heading\">Como deve ser a apura\u00e7\u00e3o da indeniza\u00e7\u00e3o de 1\/12<\/h3>\n\n\n\n<p>Ao termino deste prazo, o representante <strong>dever\u00e1 receber sua indeniza\u00e7\u00e3o de 1\/12<\/strong>, calculada sobre as <strong>comiss\u00f5es recebidas durante a rela\u00e7\u00e3o<\/strong>, inclusive sobre as comiss\u00f5es incidentes nos <strong>pedidos ainda n\u00e3o faturados<\/strong> ou <strong>ainda n\u00e3o produzidos <\/strong>(e n\u00e3o recusados) pela representada.<\/p>\n\n\n\n<p><strong>O valor total dever\u00e1 ser apresentado pela f\u00e1brica atrav\u00e9s de Mem\u00f3ria de C\u00e1lculo<\/strong>, pela qual ser\u00e3o informados ao representante, detalhadamente, os c\u00e1lculos indenizat\u00f3rios e rescis\u00f3rios totais, <strong>devendo ser este valor pago em sua integralidade<\/strong> quando ocorrer a<strong> assinatura do Distrato ou Termo de Rescis\u00e3o<\/strong>.<\/p>\n\n\n\n<p>Vale mencionar que foge \u00e0 previs\u00e3o do<strong> Art. 32, \u00a7 5\u00ba&nbsp;<\/strong>o pagamento das <strong>comiss\u00f5es a vencer&nbsp;conforme <\/strong>os clientes forem quitando as duplicatas, pois como j\u00e1 falado, as verbas dever\u00e3o ser pagas integralmente na rescis\u00e3o.<\/p>\n\n\n\n<p>Isso acontece pois este dispositivo legal estipula que: \u201c<strong><em>Em caso de rescis\u00e3o injusta<\/em><\/strong><em> do contrato por parte do <\/em><strong><em>representando<\/em><\/strong><em>, a eventual retribui\u00e7\u00e3o pendente, gerada por pedidos em carteira ou em fase de execu\u00e7\u00e3o e recebimento, <\/em><strong><em>ter\u00e1 vencimento na data da rescis\u00e3o<\/em><\/strong><em>.\u201d<\/em><\/p>\n\n\n\n<p>Portanto, o<strong> valor total dever\u00e1 ser pago integralmente<\/strong>, sem parcelamento.<\/p>\n\n\n\n<h3 class=\"wp-block-heading\">Obriga\u00e7\u00f5es Fiscais<\/h3>\n\n\n\n<p>Tratando-se de <strong>obriga\u00e7\u00e3o fiscal<\/strong>, a parte que se referir \u00e0s <strong>comiss\u00f5es<\/strong>, vencidas e vincendas, <strong>procede-se como de costume<\/strong>: emiss\u00e3o de nota fiscal de servi\u00e7o especificamente do valor, com reten\u00e7\u00e3o na fonte de IRPJ de 1,5%.<\/p>\n\n\n\n<p>Quanto \u00e0 indeniza\u00e7\u00e3o de 1\/12 e a multa do aviso pr\u00e9vio, se houverem, <strong>juntas ser\u00e3o pagas atrav\u00e9s de recibo<\/strong>, bastando como <strong>comprovante<\/strong> o <strong>simples dep\u00f3sito na conta corrente<\/strong> banc\u00e1ria do representante.<\/p>\n\n\n\n<p>Este ajuste dever\u00e1 ser <strong>previsto no documento que formalizar\u00e1 a rescis\u00e3o contratual<\/strong>, podendo at\u00e9 mesmo prever outra forma de pagamento, desde que<strong> n\u00e3o se d\u00ea atrav\u00e9s de emiss\u00e3o de nota fiscal incluindo a indeniza\u00e7\u00e3o,<\/strong> pois al\u00e9m de <strong>irregular<\/strong>, geraria a obriga\u00e7\u00e3o de recolhimento de diversos tributos desnecessariamente.<\/p>\n\n\n\n<p>Quanto a t\u00e3o discutida <strong>reten\u00e7\u00e3o na fonte de 15% de IRPJ sobre a indeniza\u00e7\u00e3o<\/strong>, que as representadas t\u00eam seguido \u00e0 risca, o <strong>Superior Tribunal de Justi\u00e7a<\/strong> j\u00e1 consolidou entendimento de que <strong>n\u00e3o h\u00e1 incid\u00eancia deste tributo<\/strong>.<\/p>\n\n\n\n<p>Por\u00e9m, se isto ocorrer, \u00e0 revelia do representante, <strong>ele poder\u00e1 recuperar o valor pago indevidamente<\/strong>, bastando para isso<strong> juntar o comprovante deste recolhimento (DARF)<\/strong> e ingressar com a\u00e7\u00e3o judicial contra \u00e0 Fazenda Nacional.<\/p>\n\n\n\n<p><strong>Paulo Cesar Hespanhol<\/strong><\/p>\n\n\n\n<p>OAB\/RS 56.872 &#8211; OAB\/SP 397.593<\/p>\n\n\n\n<h3 class=\"wp-block-heading\">Quer Receber Nossos Artigos Exclusivos?<\/h3>\n\n\n\n<p>Preencha este formul\u00e1rio abaixo que iremos lhe enviar nossos artigos por e-mail assim que publicados!<\/p>\n\n\n\n\n\n<h3 class=\"wp-block-heading\">Venha conhecer nossas outras mat\u00e9rias exclusivas nos links abaixo:<\/h3>\n\n\n\n<ul class=\"wp-block-list\"><li><a href=\"https:\/\/hespanholadvocacia.com.br\/blog\/perguntas-que-voce-deve-fazer-sobre-a-sua-aposentadoria\/\">Perguntas Que Voc\u00ea Deve Fazer Sobre a Sua Aposentadoria<\/a><\/li><li><a href=\"https:\/\/hespanholadvocacia.com.br\/blog\/notificacao-de-rescisao\/\">Representante: Necess\u00e1ria Notifica\u00e7\u00e3o Formal da Rescis\u00e3o<\/a><\/li><li><a href=\"https:\/\/hespanholadvocacia.com.br\/blog\/dicas-e-direitos-dos-representantes-comerciais\/\">Dicas e Direitos dos Representantes Comerciais<\/a><\/li><li><a href=\"https:\/\/hespanholadvocacia.com.br\/blog\/representante-justo-motivo-rescisao-contratual\/\">Representante: o Justo Motivo para Rescis\u00e3o Contratual<\/a><\/li><li><a href=\"https:\/\/hespanholadvocacia.com.br\/blog\/documentos-guardados-pelo-representante\/\">Documentos Que Devem Ser Guardados Pelo Representante<\/a><\/li><li><a href=\"https:\/\/hespanholadvocacia.com.br\/blog\/recuperacao-indenizacao-de-1-12\/\">Recupera\u00e7\u00e3o do IRPJ\/CSLL Pagos na Indeniza\u00e7\u00e3o de 1\/12<\/a><\/li><li><a href=\"https:\/\/hespanholadvocacia.com.br\/blog\/indenizacao-paga-junto-as-comissoes\/\">Saiba Porque a Indeniza\u00e7\u00e3o Paga Junto \u00e0s Comiss\u00f5es \u00c9 Ruim Para Voc\u00ea<\/a><\/li><li><a href=\"https:\/\/hespanholadvocacia.com.br\/blog\/presuncao-de-exclusividade-nos-contratos\/\">Representante: Presun\u00e7\u00e3o de Exclusividade nos Contratos<\/a><\/li><li><a href=\"https:\/\/hespanholadvocacia.com.br\/blog\/distrato-imposto\/\">Representante: os Distratos Abusivos Impostos Pelas Representadas<\/a><\/li><li><a href=\"https:\/\/hespanholadvocacia.com.br\/blog\/o-falecimento-do-representante-comercial\/\">O Falecimento Do Representante Comercial<\/a><\/li><li><a href=\"https:\/\/hespanholadvocacia.com.br\/blog\/recuperacao-judicial-da-fabrica-i\/\">Representante: A Recupera\u00e7\u00e3o Judicial da F\u00e1brica (I)<\/a><\/li><li><a href=\"https:\/\/hespanholadvocacia.com.br\/blog\/recuperacao-judicial-da-fabrica-ii\/\">O Representante e a Recupera\u00e7\u00e3o Judicial da F\u00e1brica (II)<\/a><\/li><\/ul>\n","protected":false},"excerpt":{"rendered":"<p>Apesar de ser algo comum na vida do representante comercial, sempre existem d\u00favidas acerca da rescis\u00e3o do contrato. Por isso, elaboramos um roteiro das etapas envolvendo esta mat\u00e9ria, para evitar desastres, pois quando n\u00e3o \u00e9 bem entendida, pode trazer preju\u00edzos aos representantes comerciais.<\/p>\n","protected":false},"author":4,"featured_media":803,"comment_status":"open","ping_status":"closed","sticky":false,"template":"","format":"standard","meta":{"footnotes":""},"categories":[193],"tags":[],"class_list":{"0":"post-283","1":"post","2":"type-post","3":"status-publish","4":"format-standard","5":"has-post-thumbnail","7":"category-artigos"},"_links":{"self":[{"href":"https:\/\/hespanholadvocacia.com.br\/blog\/wp-json\/wp\/v2\/posts\/283","targetHints":{"allow":["GET"]}}],"collection":[{"href":"https:\/\/hespanholadvocacia.com.br\/blog\/wp-json\/wp\/v2\/posts"}],"about":[{"href":"https:\/\/hespanholadvocacia.com.br\/blog\/wp-json\/wp\/v2\/types\/post"}],"author":[{"embeddable":true,"href":"https:\/\/hespanholadvocacia.com.br\/blog\/wp-json\/wp\/v2\/users\/4"}],"replies":[{"embeddable":true,"href":"https:\/\/hespanholadvocacia.com.br\/blog\/wp-json\/wp\/v2\/comments?post=283"}],"version-history":[{"count":0,"href":"https:\/\/hespanholadvocacia.com.br\/blog\/wp-json\/wp\/v2\/posts\/283\/revisions"}],"wp:featuredmedia":[{"embeddable":true,"href":"https:\/\/hespanholadvocacia.com.br\/blog\/wp-json\/wp\/v2\/media\/803"}],"wp:attachment":[{"href":"https:\/\/hespanholadvocacia.com.br\/blog\/wp-json\/wp\/v2\/media?parent=283"}],"wp:term":[{"taxonomy":"category","embeddable":true,"href":"https:\/\/hespanholadvocacia.com.br\/blog\/wp-json\/wp\/v2\/categories?post=283"},{"taxonomy":"post_tag","embeddable":true,"href":"https:\/\/hespanholadvocacia.com.br\/blog\/wp-json\/wp\/v2\/tags?post=283"}],"curies":[{"name":"wp","href":"https:\/\/api.w.org\/{rel}","templated":true}]}}